{"id":696,"date":"2025-02-18T09:37:22","date_gmt":"2025-02-18T07:37:22","guid":{"rendered":"https:\/\/www.tiendamaruja.com\/blog\/?p=696"},"modified":"2026-02-05T13:40:28","modified_gmt":"2026-02-05T11:40:28","slug":"como-conservar-el-jamon-en-verano","status":"publish","type":"post","link":"https:\/\/www.tiendamaruja.com\/blog\/como-conservar-el-jamon-en-verano\/","title":{"rendered":"C\u00f3mo conservar el jam\u00f3n en verano: Todo lo que debes saber"},"content":{"rendered":"\n<p>Cuando llegan los meses de verano y las temperaturas suben, es normal que nos preguntemos c\u00f3mo <strong>mantener en \u00f3ptimas condiciones uno de los alimentos m\u00e1s preciados en nuestra gastronom\u00eda: el <a href=\"https:\/\/www.tiendamaruja.com\/es\/56-jamones\" target=\"_blank\" data-type=\"link\" data-id=\"https:\/\/www.tiendamaruja.com\/es\/56-jamones\" rel=\"noreferrer noopener\">jam\u00f3n<\/a>,<\/strong> y es por eso que en este art\u00edculo te explicaremos todo lo que necesitas saber para <strong>conservar el jam\u00f3n en verano y disfrutar de su sabor y calidad al m\u00e1ximo.<\/strong><\/p>\n\n\n\n<h2 class=\"wp-block-heading\">La importancia de conservar el jam\u00f3n en verano<\/h2>\n\n\n\n<p>El jam\u00f3n ib\u00e9rico y el jam\u00f3n serrano son productos curados que, si bien tienen una gran resistencia al paso del tiempo, <strong>tambi\u00e9n son sensibles a las altas temperaturas,<\/strong> especialmente en verano, donde la exposici\u00f3n al calor <strong>puede acelerar procesos como la oxidaci\u00f3n de la grasa o la aparici\u00f3n de moho no deseado, <\/strong>afectando no solo el sabor, sino tambi\u00e9n la textura y el aroma del jam\u00f3n.<\/p>\n\n\n\n<p>Adem\u00e1s, el ambiente c\u00e1lido puede hacer que la grasa se derrita m\u00e1s f\u00e1cilmente, <strong>provocando una p\u00e9rdida de jugosidad y esa untuosidad caracter\u00edstica que tanto valoramos en cada loncha.<\/strong> Por tanto, podemos observar por qu\u00e9 conservar el jam\u00f3n en verano adecuadamente no solo es una cuesti\u00f3n de higiene, <strong>sino de preservar su calidad y su sabor.<\/strong><\/p>\n\n\n\n<figure class=\"wp-block-image size-full\"><img decoding=\"async\" width=\"752\" height=\"630\" src=\"https:\/\/www.tiendamaruja.com\/blog\/wp-content\/uploads\/2025\/02\/como-conservar-el-jamon-en-verano.jpg\" alt=\"como conservar el jamon en verano\" class=\"wp-image-730\" srcset=\"https:\/\/www.tiendamaruja.com\/blog\/wp-content\/uploads\/2025\/02\/como-conservar-el-jamon-en-verano.jpg 752w, https:\/\/www.tiendamaruja.com\/blog\/wp-content\/uploads\/2025\/02\/como-conservar-el-jamon-en-verano-358x300.jpg 358w\" sizes=\"(max-width: 752px) 100vw, 752px\" \/><\/figure>\n\n\n\n<h2 class=\"wp-block-heading\">C\u00f3mo afecta el calor al jam\u00f3n<\/h2>\n\n\n\n<p>Durante el verano, el calor y la humedad pueden alterar las propiedades del jam\u00f3n, y es por eso que te explicamos los<strong> principales efectos del calor y c\u00f3mo puedes prevenirlos:<\/strong><\/p>\n\n\n\n<ul class=\"wp-block-list\">\n<li><strong>Oxidaci\u00f3n de la grasa<\/strong>: el calor acelera la oxidaci\u00f3n, lo que puede dar lugar a sabores y olores rancios. Para evitarlo, lo ideal es mantener el jam\u00f3n en un lugar fresco, seco y alejado de la luz directa.<\/li>\n\n\n\n<li><strong>P\u00e9rdida de jugosidad<\/strong>: a temperaturas elevadas, el jam\u00f3n puede \u201csudar\u201d m\u00e1s de lo habitual. Este sudor es grasa que se derrite, lo que significa p\u00e9rdida de sabor y textura, por lo que cubriendo la zona de corte con un pa\u00f1o limpio o con lonchas de la propia grasa ayuda a conservar la humedad.<\/li>\n\n\n\n<li><strong>Aparici\u00f3n de moho superficial<\/strong>: aunque un leve moho blanco no es peligroso y puede retirarse f\u00e1cilmente, la humedad y el calor pueden favorecer la aparici\u00f3n de moho m\u00e1s agresivo, siendo fundamental una ventilaci\u00f3n adecuada y evitar entornos cerrados y h\u00famedos.<\/li>\n\n\n\n<li><strong>Problemas con los embases<\/strong>: si tienes jam\u00f3n loncheado en sobres, recuerda que tambi\u00e9n necesita cuidados, por lo que recomendamos que en verano se conserve en la parte m\u00e1s fr\u00eda del frigor\u00edfico y sacarlo un rato antes de consumir para que recupere su textura original.<\/li>\n<\/ul>\n\n\n\n<h2 class=\"wp-block-heading\">\u00bfCu\u00e1nto tiempo deber\u00eda durar el consumo del jam\u00f3n en verano?<\/h2>\n\n\n\n<p>El verano puede ser un desaf\u00edo para la conservaci\u00f3n del jam\u00f3n <strong>debido a las altas temperaturas y la humedad. <\/strong>Sin embargo, con los cuidados adecuados es posible disfrutarlo sin que pierda sus propiedades.<\/p>\n\n\n\n<p>En general, el tiempo de consumo del jam\u00f3n <strong>depender\u00e1 de c\u00f3mo lo almacenemos y cuidemos,<\/strong> ya que si el jam\u00f3n est\u00e1 en una pieza entera y cuenta con su propia grasa como protecci\u00f3n natural, <strong>puede mantenerse en buenas condiciones durante varias semanas.<\/strong> En cambio, si ya lo hemos cortado, <strong>el tiempo de consumo ser\u00e1 menor y depender\u00e1 de c\u00f3mo lo almacenemos.<\/strong><\/p>\n\n\n\n<h2 class=\"wp-block-heading\">Consejos para conservar el jam\u00f3n en verano<\/h2>\n\n\n\n<p>Para garantizar la frescura y el sabor del <a href=\"https:\/\/www.tiendamaruja.com\/es\/62-jamon-de-trevelez-igp\" target=\"_blank\" rel=\"noreferrer noopener\">jam\u00f3n de Trev\u00e9lez<\/a> durante los meses m\u00e1s calurosos, <strong>sigue nuestros consejos:<\/strong><\/p>\n\n\n\n<h3 class=\"wp-block-heading\">Conservarlo en un lugar fresco y seco<\/h3>\n\n\n\n<p>La clave para conservar el jam\u00f3n en verano <strong>es mantenerlo en un lugar fresco y seco,<\/strong> por lo que ideal es <strong>evitar exponerlo a la luz directa del sol o a fuentes de calor, <\/strong>como cocinas o electrodom\u00e9sticos que generen altas temperaturas.<\/p>\n\n\n\n<p>Un espacio con <strong>buena ventilaci\u00f3n ser\u00e1 perfecto para evitar que la humedad afecte al jam\u00f3n,<\/strong> ya que si vives en una regi\u00f3n especialmente c\u00e1lida considera <strong>buscar un rinc\u00f3n con temperaturas constantes y alejadas de cambios bruscos.<\/strong><\/p>\n\n\n\n<h3 class=\"wp-block-heading\">Mant\u00e9n la pieza entera<\/h3>\n\n\n\n<p>Si tienes un jam\u00f3n entero, <strong>es recomendable conservarlo as\u00ed, sin cortarlo<\/strong> hasta que lo vayas a consumir, debido a que la capa de grasa natural que lo recubre <strong>act\u00faa como una barrera protectora contra la oxidaci\u00f3n y la p\u00e9rdida de humedad. <\/strong>Una vez que empieces a cortarlo, <strong>cubre la zona de corte con film transparente o con un trozo de su propia grasa<\/strong> para preservar su frescura.<\/p>\n\n\n\n<h3 class=\"wp-block-heading\">La nevera: nuestro aliado<\/h3>\n\n\n\n<p>En los d\u00edas de calor extremo, <strong>la nevera puede convertirse en nuestra mejor aliada para conservar jam\u00f3n en verano.<\/strong> Si bien no es el lugar ideal para una pieza entera, s\u00ed es una <strong>opci\u00f3n viable para jam\u00f3n loncheado o trozos peque\u00f1os.<\/strong><\/p>\n\n\n\n<p><strong>Guarda las lonchas en recipientes herm\u00e9ticos o envu\u00e9lvelas en papel de aluminio<\/strong> para evitar que se resequen adem\u00e1s de <strong>colocarlas en la parte m\u00e1s fresca del frigor\u00edfico,<\/strong> lejos de alimentos con olores fuertes que puedan afectar al sabor del jam\u00f3n.<\/p>\n\n\n\n<h3 class=\"wp-block-heading\">Cons\u00famelo en el menor tiempo posible<\/h3>\n\n\n\n<p>Una vez abierto o cortado, <strong>el jam\u00f3n deber\u00eda consumirse lo antes posible, <\/strong>algo especialmente importante en verano ya que <strong>las altas temperaturas pueden acelerar su deterioro.<\/strong> Si planeas consumir jam\u00f3n en varios d\u00edas, <strong>corta solo la cantidad que necesites en cada momento y evita exponer el resto a condiciones ambientales adversas.<\/strong><\/p>\n\n\n\n<h2 class=\"wp-block-heading\">El jam\u00f3n loncheado al vac\u00edo: Otra soluci\u00f3n ideal<\/h2>\n\n\n\n<p>Si prefieres la comodidad y la practicidad, el jam\u00f3n loncheado al vac\u00edo <strong>es una excelente alternativa para el verano, <\/strong>gracias a que este formato <strong>asegura una conservaci\u00f3n \u00f3ptima,<\/strong> ya que el envasado al vac\u00edo elimina el aire y protege el producto de la oxidaci\u00f3n y la proliferaci\u00f3n de bacterias.<\/p>\n\n\n\n<figure class=\"wp-block-image size-full\"><img decoding=\"async\" width=\"1023\" height=\"630\" src=\"https:\/\/www.tiendamaruja.com\/blog\/wp-content\/uploads\/2025\/02\/como-conservar-un-jamon-en-verano.jpg\" alt=\"como conservar un jam\u00f3n en verano\" class=\"wp-image-731\" srcset=\"https:\/\/www.tiendamaruja.com\/blog\/wp-content\/uploads\/2025\/02\/como-conservar-un-jamon-en-verano.jpg 1023w, https:\/\/www.tiendamaruja.com\/blog\/wp-content\/uploads\/2025\/02\/como-conservar-un-jamon-en-verano-487x300.jpg 487w, https:\/\/www.tiendamaruja.com\/blog\/wp-content\/uploads\/2025\/02\/como-conservar-un-jamon-en-verano-768x473.jpg 768w\" sizes=\"(max-width: 1023px) 100vw, 1023px\" \/><\/figure>\n\n\n\n<p>Cuando compres jam\u00f3n loncheado al vac\u00edo,<strong> aseg\u00farate de mantenerlo en la nevera y de consumirlo en cuanto abras el envase,<\/strong> ya que este formato <strong>es ideal para disfrutar del jam\u00f3n sin complicaciones manteniendo su sabor caracter\u00edstico.<\/strong><\/p>\n\n\n\n<p>Conservar jam\u00f3n en verano <strong>no tiene por qu\u00e9 ser un desaf\u00edo si seguimos las recomendaciones adecuadas,<\/strong> por lo que siguiendo estos consejos podr\u00e1s disfrutar de los <a href=\"https:\/\/www.tiendamaruja.com\/es\/56-jamones\">jamones<\/a> en cualquier \u00e9poca del a\u00f1o y deleitarte con todo lo que ofrece este producto estrella de nuestra gastronom\u00eda. Y recuerda, <strong>en Tienda Maruja siempre encontrar\u00e1s los mejores <a href=\"https:\/\/www.tiendamaruja.com\/es\/\" target=\"_blank\" rel=\"noreferrer noopener\">jamones ib\u00e9ricos<\/a> para disfrutar de un verano lleno de sabor.<\/strong><\/p>\n","protected":false},"excerpt":{"rendered":"<p>Cuando llegan los meses de verano y las temperaturas suben, es normal que nos preguntemos c\u00f3mo mantener en \u00f3ptimas condiciones uno de los alimentos m\u00e1s preciados en nuestra gastronom\u00eda: el jam\u00f3n, y es por eso que en este art\u00edculo&#8230;<\/p>\n","protected":false},"author":2,"featured_media":729,"comment_status":"open","ping_status":"open","sticky":false,"template":"","format":"standard","meta":{"footnotes":""},"categories":[6],"tags":[],"class_list":["post-696","post","type-post","status-publish","format-standard","has-post-thumbnail","hentry","category-jamon"],"_links":{"self":[{"href":"https:\/\/www.tiendamaruja.com\/blog\/wp-json\/wp\/v2\/posts\/696","targetHints":{"allow":["GET"]}}],"collection":[{"href":"https:\/\/www.tiendamaruja.com\/blog\/wp-json\/wp\/v2\/posts"}],"about":[{"href":"https:\/\/www.tiendamaruja.com\/blog\/wp-json\/wp\/v2\/types\/post"}],"author":[{"embeddable":true,"href":"https:\/\/www.tiendamaruja.com\/blog\/wp-json\/wp\/v2\/users\/2"}],"replies":[{"embeddable":true,"href":"https:\/\/www.tiendamaruja.com\/blog\/wp-json\/wp\/v2\/comments?post=696"}],"version-history":[{"count":12,"href":"https:\/\/www.tiendamaruja.com\/blog\/wp-json\/wp\/v2\/posts\/696\/revisions"}],"predecessor-version":[{"id":856,"href":"https:\/\/www.tiendamaruja.com\/blog\/wp-json\/wp\/v2\/posts\/696\/revisions\/856"}],"wp:featuredmedia":[{"embeddable":true,"href":"https:\/\/www.tiendamaruja.com\/blog\/wp-json\/wp\/v2\/media\/729"}],"wp:attachment":[{"href":"https:\/\/www.tiendamaruja.com\/blog\/wp-json\/wp\/v2\/media?parent=696"}],"wp:term":[{"taxonomy":"category","embeddable":true,"href":"https:\/\/www.tiendamaruja.com\/blog\/wp-json\/wp\/v2\/categories?post=696"},{"taxonomy":"post_tag","embeddable":true,"href":"https:\/\/www.tiendamaruja.com\/blog\/wp-json\/wp\/v2\/tags?post=696"}],"curies":[{"name":"wp","href":"https:\/\/api.w.org\/{rel}","templated":true}]}}